{"id":835,"date":"2026-08-18T09:00:00","date_gmt":"2026-08-18T09:00:00","guid":{"rendered":"https:\/\/sraempresarial.com\/auditoria-energetica-obligatoria-empresas\/"},"modified":"2026-08-18T09:00:00","modified_gmt":"2026-08-18T09:00:00","slug":"auditoria-energetica-obligatoria-empreses","status":"publish","type":"post","link":"https:\/\/sraempresarial.com\/ca\/auditoria-energetica-obligatoria-empresas\/","title":{"rendered":"Auditoria energ\u00e8tica obligat\u00f2ria: quines empreses han de fer-la"},"content":{"rendered":"<h2>Qu\u00e8 \u00e9s l&#039;auditoria energ\u00e8tica obligat\u00f2ria?<\/h2>\n<p>Una <strong>auditoria energ\u00e8tica<\/strong> \u00e9s una an\u00e0lisi sistem\u00e0tica del consum d&#039;energia d&#039;una empresa: com es fa servir, on es perd i quines accions la reduirien. El <strong>Reial Decret 48\/2024<\/strong> d&#039;efici\u00e8ncia energ\u00e8tica en regula l&#039;obligatorietat, en l\u00ednia amb la directiva europea d&#039;efici\u00e8ncia energ\u00e8tica.<\/p>\n<h2>Quines empreses hi estan obligades?<\/h2>\n<p>Han de realitzar auditories energ\u00e8tiques peri\u00f2diques les empreses que <strong>superin els 250 empleats<\/strong> o tinguin una <strong>facturaci\u00f3 anual superior a 50 milions d&#039;euros<\/strong> (i no qualifiquin com a pimes), aix\u00ed com determinats grups de consum elevat. Les pimes i les empreses m\u00e9s petites queden en general exemptes de l&#039;obligaci\u00f3, encara que moltes la realitzen de forma volunt\u00e0ria perqu\u00e8 \u00e9s de les inversions amb millor retorn.<\/p>\n<ul>\n<li><strong>Periodicitat:<\/strong> cada <strong>4 anys<\/strong>, tret que es disposi d&#039;un sistema de gesti\u00f3 energ\u00e8tica certificat (ISO 50001) o un sistema de gesti\u00f3 amb auditoria que inclogui energia.<\/li>\n<li><strong>Contingut m\u00ednim:<\/strong> an\u00e0lisi de consums per usos, factors de conversi\u00f3, propostes de millora amb cost i termini de tornada.<\/li>\n<li><strong>Qui la pot fer:<\/strong> ha de realitzar-la un <strong>auditor energ\u00e8tic acreditat<\/strong>.<\/li>\n<\/ul>\n<p>A m\u00e9s a m\u00e9s del RD 48\/2024, empreses de determinades activitats poden tenir obligacions derivades de legislaci\u00f3 ambiental o dels seus propis sistemes de gesti\u00f3.<\/p>\n<h2>Qu\u00e8 es guanya (a m\u00e9s de complir)<\/h2>\n<p>L&#039;auditoria energ\u00e8tica sol pagar-se sola: identifica estalvis immediats (tarifes, pot\u00e8ncia contractada, il\u00b7luminaci\u00f3, aire comprimit, climatitzaci\u00f3) i prioritza inversions per tornada. En un context de cost energ\u00e8tic alt, \u00e9s una fotografia valuosa d&#039;on se&#039;n van els diners.<\/p>\n<h2>Relaci\u00f3 amb la petjada de carboni<\/h2>\n<p>El consum energ\u00e8tic \u00e9s normalment la partida principal de la petjada de carboni d&#039;una organitzaci\u00f3. Reduir consum \u00e9s reduir emissions: per aix\u00f2 l&#039;auditoria energ\u00e8tica \u00e9s el primer pas pr\u00e0ctic de la majoria de <a href=\"\/ca\/sostenibilitat-i-eficiencia-energetica\/\">estrat\u00e8gies de sostenibilitat<\/a>. Si comenceu, us interessa entendre primer <a href=\"\/ca\/empremta-de-carboni-com-calcular-la\/\">com es calcula la petjada de carboni<\/a> una empresa.<\/p>\n<h2>Com treballem<\/h2>\n<p>A SRA Empresarial coordinem l&#039;auditoria energ\u00e8tica de principi a fi: recopilaci\u00f3 de dades, an\u00e0lisi de consums, informe conforme al RD 48\/2024 i pla de mesures prioritzades. I si despr\u00e9s vols certificar un sistema de gesti\u00f3 que integri energia i medi ambient, el canalitzem amb el nostre servei de <a href=\"\/ca\/sistemes-de-gestio-integrats-sgi\/\">implantaci\u00f3 d&#039;ISO<\/a>.<\/p>\n<p><strong>Has de fer una auditoria energ\u00e8tica o vols saber quant podries estalviar?<\/strong> <a href=\"\/ca\/contacte\/\">Explica&#039;ns el teu cas<\/a>.<\/p>","protected":false},"excerpt":{"rendered":"<p>Qu\u00e8 \u00e9s l&#039;auditoria energ\u00e8tica obligat\u00f2ria? Una auditoria energ\u00e8tica \u00e9s una an\u00e0lisi sistem\u00e0tica del consum d&#039;energia d&#039;una empresa: com es fa servir, on es perd i quines accions la reduirien. El Reial decret 48\/2024 defici\u00e8ncia energ\u00e8tica regula la seva obligatorietat, en l\u00ednia amb la directiva europea defici\u00e8ncia energ\u00e8tica. Quines empreses hi estan obligades? Han de [\u2026]<\/p>","protected":false},"author":1,"featured_media":0,"comment_status":"open","ping_status":"closed","sticky":false,"template":"","format":"standard","meta":{"footnotes":""},"categories":[9],"tags":[],"class_list":["post-835","post","type-post","status-publish","format-standard","hentry","category-claves-para-empresas"],"_links":{"self":[{"href":"https:\/\/sraempresarial.com\/ca\/wp-json\/wp\/v2\/posts\/835","targetHints":{"allow":["GET"]}}],"collection":[{"href":"https:\/\/sraempresarial.com\/ca\/wp-json\/wp\/v2\/posts"}],"about":[{"href":"https:\/\/sraempresarial.com\/ca\/wp-json\/wp\/v2\/types\/post"}],"author":[{"embeddable":true,"href":"https:\/\/sraempresarial.com\/ca\/wp-json\/wp\/v2\/users\/1"}],"replies":[{"embeddable":true,"href":"https:\/\/sraempresarial.com\/ca\/wp-json\/wp\/v2\/comments?post=835"}],"version-history":[{"count":0,"href":"https:\/\/sraempresarial.com\/ca\/wp-json\/wp\/v2\/posts\/835\/revisions"}],"wp:attachment":[{"href":"https:\/\/sraempresarial.com\/ca\/wp-json\/wp\/v2\/media?parent=835"}],"wp:term":[{"taxonomy":"category","embeddable":true,"href":"https:\/\/sraempresarial.com\/ca\/wp-json\/wp\/v2\/categories?post=835"},{"taxonomy":"post_tag","embeddable":true,"href":"https:\/\/sraempresarial.com\/ca\/wp-json\/wp\/v2\/tags?post=835"}],"curies":[{"name":"wp","href":"https:\/\/api.w.org\/{rel}","templated":true}]}}