{"id":836,"date":"2026-08-25T09:00:00","date_gmt":"2026-08-25T09:00:00","guid":{"rendered":"https:\/\/sraempresarial.com\/huella-de-carbono-como-calcularla\/"},"modified":"2026-08-25T09:00:00","modified_gmt":"2026-08-25T09:00:00","slug":"empremta-de-carboni-com-calcular-la","status":"publish","type":"post","link":"https:\/\/sraempresarial.com\/ca\/huella-de-carbono-como-calcularla\/","title":{"rendered":"Petjada de carboni: com calcular-la i reduir-la a la teva empresa"},"content":{"rendered":"<h2>Qu\u00e8 \u00e9s la petjada de carboni d&#039;una empresa<\/h2>\n<p>La <strong>empremta de carboni<\/strong> \u00e9s el total de gasos d&#039;efecte hivernacle (GEI) emesos, directament o indirectament, per l&#039;activitat d&#039;una organitzaci\u00f3. S&#039;expressa a <strong>tones de CO\u2082 equivalent<\/strong> i es calcula seguint est\u00e0ndards com el <strong>GHG Protocol<\/strong> o la norma ISO 14064-1.<\/p>\n<h2>Els tres abasts (scops)<\/h2>\n<ul>\n<li><strong>Abast 1 \u2014 emissions directes:<\/strong> combusti\u00f3 en instal\u00b7lacions i vehicles propis (gasoil de calderes, gasolina de flota, refrigerants).<\/li>\n<li><strong>Abast 2 \u2014 electricitat:<\/strong> emissions associades a l&#039;energia el\u00e8ctrica comprada.<\/li>\n<li><strong>Abast 3 \u2014 cadena de valor:<\/strong> compres, despla\u00e7aments de treballadors, transport de mercaderies, residus, \u00fas dels productes venuts. Sol ser el m\u00e9s volumin\u00f3s i m\u00e9s complex d&#039;estimar.<\/li>\n<\/ul>\n<p>Comen\u00e7ar per abastos 1 i 2 amb dades reals \u00e9s una pr\u00e0ctica habitual i suficient per a la majoria de pimes; l&#039;abast 3 s&#039;hi incorpora per etapes.<\/p>\n<h2>Com calcular-la pas a pas<\/h2>\n<ol>\n<li><strong>Definir l\u00edmits:<\/strong> organitzacions, centres i per\u00edode inclosos.<\/li>\n<li><strong>Recopila dades d&#039;activitat:<\/strong> factures d&#039;energia, combustibles, quil\u00f2metres, residus, compres.<\/li>\n<li><strong>Aplicar factors d\u201femissi\u00f3<\/strong> oficials i documentar-ne la font.<\/li>\n<li><strong>Calcular i verificar<\/strong> els resultats (el c\u00e0lcul pot ser verificat per una tercera part per donar-ho per bo).<\/li>\n<li><strong>Registrar i reduir:<\/strong> el registre d&#039;empremta del <strong>MITECO<\/strong> permet inscriure el c\u00e0lcul, el pla de reducci\u00f3 i la compensaci\u00f3, amb el segell \u00abC\u00e0lcul i redueixo\u00bb.<\/li>\n<\/ol>\n<h2>Reduir i compensar: l&#039;ordre correcte<\/h2>\n<p>La jerarquia correcta \u00e9s <strong>mesurar \u2192 reduir \u2192 compensar<\/strong>. La compensaci\u00f3 (projectes de captura o evitaci\u00f3 d&#039;emissions) nom\u00e9s t\u00e9 sentit sobre el que ja no s&#039;ha pogut reduir. Les mesures de reducci\u00f3 amb millor retorn solen ser energ\u00e8tiques: per aix\u00f2 la <a href=\"\/ca\/auditoria-energetica-obligatoria-empreses\/\">auditoria energ\u00e8tica<\/a> i la petjada de carboni van de la m\u00e0.<\/p>\n<h2>I l&#039;obligatorietat?<\/h2>\n<p>Les grans empreses i cotitzades encaixen al per\u00edmetre de la directiva <strong>CSRD<\/strong> i els seus est\u00e0ndards de reporting (ESRS), que exigeixen informaci\u00f3 verificada de sostenibilitat, incloses les emissions. Per a les pimes, calcular la petjada avui \u00e9s preparar-se pel que demanaran clients, administracions i entitats financeres dem\u00e0; moltes licitacions i clients grans ja ho sol\u00b7liciten als seus prove\u00efdors.<\/p>\n<h2>Com t&#039;ajudem<\/h2>\n<p>A SRA Empresarial calculem l&#039;empremta de carboni de la teva organitzaci\u00f3, la registrem al MITECO i dissenyem el pla de reducci\u00f3, integrant-lo amb la teva estrat\u00e8gia de <a href=\"\/ca\/sostenibilitat-i-eficiencia-energetica\/\">sostenibilitat i efici\u00e8ncia energ\u00e8tica<\/a> i, si escau, amb un <a href=\"\/ca\/sistemes-de-gestio-integrats-sgi\/\">sistema de gesti\u00f3 ISO 14001<\/a>.<\/p>\n<p><strong>Vols comen\u00e7ar a mesurar all\u00f2 que emets?<\/strong> <a href=\"\/ca\/contacte\/\">Parlem<\/a> i et preparem un c\u00e0lcul a mida de la teva empresa.<\/p>","protected":false},"excerpt":{"rendered":"<p>Qu\u00e8 \u00e9s la petjada de carboni d&#039;una empresa? La petjada de carboni \u00e9s el total de gasos d&#039;efecte hivernacle (GEI) emesos, directament o indirectament, per l&#039;activitat d&#039;una organitzaci\u00f3. S&#039;expressa en tones de CO\u2082 equivalent i es calcula seguint est\u00e0ndards com ara el GHG Protocol o la norma ISO 14064-1. Tots tres [\u2026]<\/p>","protected":false},"author":1,"featured_media":0,"comment_status":"open","ping_status":"closed","sticky":false,"template":"","format":"standard","meta":{"footnotes":""},"categories":[9],"tags":[],"class_list":["post-836","post","type-post","status-publish","format-standard","hentry","category-claves-para-empresas"],"_links":{"self":[{"href":"https:\/\/sraempresarial.com\/ca\/wp-json\/wp\/v2\/posts\/836","targetHints":{"allow":["GET"]}}],"collection":[{"href":"https:\/\/sraempresarial.com\/ca\/wp-json\/wp\/v2\/posts"}],"about":[{"href":"https:\/\/sraempresarial.com\/ca\/wp-json\/wp\/v2\/types\/post"}],"author":[{"embeddable":true,"href":"https:\/\/sraempresarial.com\/ca\/wp-json\/wp\/v2\/users\/1"}],"replies":[{"embeddable":true,"href":"https:\/\/sraempresarial.com\/ca\/wp-json\/wp\/v2\/comments?post=836"}],"version-history":[{"count":0,"href":"https:\/\/sraempresarial.com\/ca\/wp-json\/wp\/v2\/posts\/836\/revisions"}],"wp:attachment":[{"href":"https:\/\/sraempresarial.com\/ca\/wp-json\/wp\/v2\/media?parent=836"}],"wp:term":[{"taxonomy":"category","embeddable":true,"href":"https:\/\/sraempresarial.com\/ca\/wp-json\/wp\/v2\/categories?post=836"},{"taxonomy":"post_tag","embeddable":true,"href":"https:\/\/sraempresarial.com\/ca\/wp-json\/wp\/v2\/tags?post=836"}],"curies":[{"name":"wp","href":"https:\/\/api.w.org\/{rel}","templated":true}]}}